{"id":615,"date":"2016-07-27T06:46:37","date_gmt":"2016-07-27T06:46:37","guid":{"rendered":"https:\/\/misionerasdesantodomingo.org\/?p=615"},"modified":"2016-07-27T06:56:23","modified_gmt":"2016-07-27T06:56:23","slug":"2016-santo-domingo-de-guzman","status":"publish","type":"post","link":"https:\/\/misionerasdesantodomingo.org\/en\/2016-santo-domingo-de-guzman\/","title":{"rendered":"2016 Santo Domingo de Guzm\u00e1n"},"content":{"rendered":"<h2>2016 Santo Domingo de Guzm\u00e1n<\/h2>\n<p><a href=\"https:\/\/misionerasdesantodomingo.org\/wp-content\/uploads\/2016\/07\/img73.jpg\"><img loading=\"lazy\" decoding=\"async\" class=\"size-full wp-image-614 alignnone\" src=\"https:\/\/misionerasdesantodomingo.org\/wp-content\/uploads\/2016\/07\/img73.jpg\" alt=\"img73\" width=\"827\" height=\"373\" srcset=\"https:\/\/misionerasdesantodomingo.org\/wp-content\/uploads\/2016\/07\/img73.jpg 827w, https:\/\/misionerasdesantodomingo.org\/wp-content\/uploads\/2016\/07\/img73-300x135.jpg 300w, https:\/\/misionerasdesantodomingo.org\/wp-content\/uploads\/2016\/07\/img73-768x346.jpg 768w, https:\/\/misionerasdesantodomingo.org\/wp-content\/uploads\/2016\/07\/img73-250x113.jpg 250w\" sizes=\"auto, (max-width: 827px) 100vw, 827px\" \/><\/a><\/p>\n<p>&#8220;(&#8230;)No podemos predicar sin que antes la Palabra haya sido interiorizada, sin que nosotras estemos identificadas con ella.(&#8230;) En una palabra, Jes\u00fas quiere que ellos vivan en la Verdad, que es lo que les va ense\u00f1ar a ser fieles al mensaje de la Palabra, y esa Verdad vivida y experimentada les llevar\u00e1 a ser fieles mensajeros del mensaje del Maestro&#8221;<\/p>\n<p><a href=\"https:\/\/misionerasdesantodomingo.org\/wp-content\/uploads\/2016\/07\/2016-SANTO-DOMINGO-DE-GUZM\u00c1N-espa\u00f1ol.pdf\">Seguir leyendo la carta completa en PDF<\/a><\/p>\n","protected":false},"excerpt":{"rendered":"<p>2016 Santo Domingo de Guzm\u00e1n &#8220;(&#8230;)No podemos predicar sin que antes la Palabra haya sido interiorizada, sin que nosotras estemos identificadas con ella.(&#8230;) En una palabra, Jes\u00fas quiere que ellos&#8230;<\/p>\n","protected":false},"author":1,"featured_media":497,"comment_status":"closed","ping_status":"closed","sticky":false,"template":"","format":"standard","meta":{"footnotes":""},"categories":[37,38,32],"tags":[],"class_list":{"0":"post-615","1":"post","2":"type-post","3":"status-publish","4":"format-standard","5":"has-post-thumbnail","7":"category-capitulos-generales","8":"category-mensaje-de-la-priora-general-2016","9":"category-mensaje-p-general-2016"},"translation":{"provider":"WPGlobus","version":"3.0.2","language":"en","enabled_languages":["es","en"],"languages":{"es":{"title":true,"content":true,"excerpt":false},"en":{"title":false,"content":false,"excerpt":false}}},"_links":{"self":[{"href":"https:\/\/misionerasdesantodomingo.org\/en\/wp-json\/wp\/v2\/posts\/615","targetHints":{"allow":["GET"]}}],"collection":[{"href":"https:\/\/misionerasdesantodomingo.org\/en\/wp-json\/wp\/v2\/posts"}],"about":[{"href":"https:\/\/misionerasdesantodomingo.org\/en\/wp-json\/wp\/v2\/types\/post"}],"author":[{"embeddable":true,"href":"https:\/\/misionerasdesantodomingo.org\/en\/wp-json\/wp\/v2\/users\/1"}],"replies":[{"embeddable":true,"href":"https:\/\/misionerasdesantodomingo.org\/en\/wp-json\/wp\/v2\/comments?post=615"}],"version-history":[{"count":2,"href":"https:\/\/misionerasdesantodomingo.org\/en\/wp-json\/wp\/v2\/posts\/615\/revisions"}],"predecessor-version":[{"id":617,"href":"https:\/\/misionerasdesantodomingo.org\/en\/wp-json\/wp\/v2\/posts\/615\/revisions\/617"}],"wp:featuredmedia":[{"embeddable":true,"href":"https:\/\/misionerasdesantodomingo.org\/en\/wp-json\/wp\/v2\/media\/497"}],"wp:attachment":[{"href":"https:\/\/misionerasdesantodomingo.org\/en\/wp-json\/wp\/v2\/media?parent=615"}],"wp:term":[{"taxonomy":"category","embeddable":true,"href":"https:\/\/misionerasdesantodomingo.org\/en\/wp-json\/wp\/v2\/categories?post=615"},{"taxonomy":"post_tag","embeddable":true,"href":"https:\/\/misionerasdesantodomingo.org\/en\/wp-json\/wp\/v2\/tags?post=615"}],"curies":[{"name":"wp","href":"https:\/\/api.w.org\/{rel}","templated":true}]}}