{"id":2727,"date":"2021-08-09T17:20:21","date_gmt":"2021-08-09T17:20:21","guid":{"rendered":"https:\/\/misionerasdesantodomingo.org\/?p=2727"},"modified":"2021-08-09T17:25:48","modified_gmt":"2021-08-09T17:25:48","slug":"noticias-de-la-curia-julio-2021","status":"publish","type":"post","link":"https:\/\/misionerasdesantodomingo.org\/en\/noticias-de-la-curia-julio-2021\/","title":{"rendered":"Noticias de la Curia &#8211; julio 2021"},"content":{"rendered":"[vc_row type=&#8221;in_container&#8221; full_screen_row_position=&#8221;middle&#8221; scene_position=&#8221;center&#8221; text_color=&#8221;dark&#8221; text_align=&#8221;left&#8221; overlay_strength=&#8221;0.3&#8243; shape_divider_position=&#8221;bottom&#8221;][vc_column column_padding=&#8221;no-extra-padding&#8221; column_padding_position=&#8221;all&#8221; background_color_opacity=&#8221;1&#8243; background_hover_color_opacity=&#8221;1&#8243; column_shadow=&#8221;none&#8221; column_border_radius=&#8221;none&#8221; width=&#8221;1\/1&#8243; tablet_text_alignment=&#8221;default&#8221; phone_text_alignment=&#8221;default&#8221; column_border_width=&#8221;none&#8221; column_border_style=&#8221;solid&#8221;][vc_column_text]\n<blockquote><p><a href=\"https:\/\/misionerasdesantodomingo.org\/wp-content\/uploads\/2021\/08\/oracion.jpg\"><img loading=\"lazy\" decoding=\"async\" class=\"alignleft wp-image-2728 \" src=\"https:\/\/misionerasdesantodomingo.org\/wp-content\/uploads\/2021\/08\/oracion.jpg\" alt=\"\" width=\"239\" height=\"325\" srcset=\"https:\/\/misionerasdesantodomingo.org\/wp-content\/uploads\/2021\/08\/oracion.jpg 352w, https:\/\/misionerasdesantodomingo.org\/wp-content\/uploads\/2021\/08\/oracion-221x300.jpg 221w, https:\/\/misionerasdesantodomingo.org\/wp-content\/uploads\/2021\/08\/oracion-250x339.jpg 250w\" sizes=\"auto, (max-width: 239px) 100vw, 239px\" \/><\/a><\/p><\/blockquote>\n<p>&nbsp;<\/p>\n<p>Incluso en este momento dif\u00edcil de Myanmar, la jornada de bendiciones en el Se\u00f1or contin\u00faa. En el d\u00eda 31 de mayo, el mes de la sant\u00edsima Virgen Mar\u00eda, agradecemos y alabamos al Se\u00f1or porque nuestras dos aspirantes Mathilda y Mary fueron admitidas al postulantado. Durante la oraci\u00f3n de las v\u00edsperas, la Priora las admiti\u00f3 y las entreg\u00f3 la cruz dominicana.&nbsp;<\/p>\n<p style=\"text-align: center;\"><a href=\"https:\/\/misionerasdesantodomingo.org\/wp-content\/uploads\/2021\/08\/NOTICIAS-JULIO-2021.pdf\"><em><strong>Leer documento completo en PDF<\/strong><\/em><\/a><\/p>\n[\/vc_column_text][\/vc_column][\/vc_row]\n","protected":false},"excerpt":{"rendered":"<p>[vc_row type=&#8221;in_container&#8221; full_screen_row_position=&#8221;middle&#8221; scene_position=&#8221;center&#8221; text_color=&#8221;dark&#8221; text_align=&#8221;left&#8221; overlay_strength=&#8221;0.3&#8243; shape_divider_position=&#8221;bottom&#8221;][vc_column column_padding=&#8221;no-extra-padding&#8221; column_padding_position=&#8221;all&#8221; background_color_opacity=&#8221;1&#8243; background_hover_color_opacity=&#8221;1&#8243; column_shadow=&#8221;none&#8221; column_border_radius=&#8221;none&#8221; width=&#8221;1\/1&#8243; tablet_text_alignment=&#8221;default&#8221; phone_text_alignment=&#8221;default&#8221; column_border_width=&#8221;none&#8221; column_border_style=&#8221;solid&#8221;][vc_column_text] &nbsp; Incluso en este momento dif\u00edcil de Myanmar, la jornada de&#8230;<\/p>\n","protected":false},"author":1,"featured_media":2728,"comment_status":"closed","ping_status":"closed","sticky":false,"template":"","format":"standard","meta":{"footnotes":""},"categories":[22,74,64,75],"tags":[],"class_list":{"0":"post-2727","1":"post","2":"type-post","3":"status-publish","4":"format-standard","5":"has-post-thumbnail","7":"category-boletines","8":"category-boletines-2021","9":"category-bulletins","10":"category-bulletins-2021"},"translation":{"provider":"WPGlobus","version":"3.0.2","language":"en","enabled_languages":["es","en"],"languages":{"es":{"title":true,"content":true,"excerpt":false},"en":{"title":false,"content":false,"excerpt":false}}},"_links":{"self":[{"href":"https:\/\/misionerasdesantodomingo.org\/en\/wp-json\/wp\/v2\/posts\/2727","targetHints":{"allow":["GET"]}}],"collection":[{"href":"https:\/\/misionerasdesantodomingo.org\/en\/wp-json\/wp\/v2\/posts"}],"about":[{"href":"https:\/\/misionerasdesantodomingo.org\/en\/wp-json\/wp\/v2\/types\/post"}],"author":[{"embeddable":true,"href":"https:\/\/misionerasdesantodomingo.org\/en\/wp-json\/wp\/v2\/users\/1"}],"replies":[{"embeddable":true,"href":"https:\/\/misionerasdesantodomingo.org\/en\/wp-json\/wp\/v2\/comments?post=2727"}],"version-history":[{"count":2,"href":"https:\/\/misionerasdesantodomingo.org\/en\/wp-json\/wp\/v2\/posts\/2727\/revisions"}],"predecessor-version":[{"id":2746,"href":"https:\/\/misionerasdesantodomingo.org\/en\/wp-json\/wp\/v2\/posts\/2727\/revisions\/2746"}],"wp:featuredmedia":[{"embeddable":true,"href":"https:\/\/misionerasdesantodomingo.org\/en\/wp-json\/wp\/v2\/media\/2728"}],"wp:attachment":[{"href":"https:\/\/misionerasdesantodomingo.org\/en\/wp-json\/wp\/v2\/media?parent=2727"}],"wp:term":[{"taxonomy":"category","embeddable":true,"href":"https:\/\/misionerasdesantodomingo.org\/en\/wp-json\/wp\/v2\/categories?post=2727"},{"taxonomy":"post_tag","embeddable":true,"href":"https:\/\/misionerasdesantodomingo.org\/en\/wp-json\/wp\/v2\/tags?post=2727"}],"curies":[{"name":"wp","href":"https:\/\/api.w.org\/{rel}","templated":true}]}}