{"id":2061,"date":"2020-08-27T07:00:21","date_gmt":"2020-08-27T07:00:21","guid":{"rendered":"https:\/\/misionerasdesantodomingo.org\/?p=2061"},"modified":"2020-08-19T17:19:11","modified_gmt":"2020-08-19T17:19:11","slug":"evangelio-del-dia-9","status":"publish","type":"post","link":"https:\/\/misionerasdesantodomingo.org\/en\/evangelio-del-dia-9\/","title":{"rendered":"Evangelio del d\u00eda"},"content":{"rendered":"[vc_row type=&#8221;in_container&#8221; full_screen_row_position=&#8221;middle&#8221; scene_position=&#8221;center&#8221; text_color=&#8221;dark&#8221; text_align=&#8221;left&#8221; overlay_strength=&#8221;0.3&#8243; shape_divider_position=&#8221;bottom&#8221;][vc_column boxed=&#8221;true&#8221; centered_text=&#8221;true&#8221; column_padding=&#8221;no-extra-padding&#8221; column_padding_position=&#8221;all&#8221; background_color_opacity=&#8221;1&#8243; background_hover_color_opacity=&#8221;1&#8243; column_shadow=&#8221;none&#8221; column_border_radius=&#8221;none&#8221; width=&#8221;1\/4&#8243; tablet_text_alignment=&#8221;default&#8221; phone_text_alignment=&#8221;default&#8221; column_border_width=&#8221;none&#8221; column_border_style=&#8221;solid&#8221;][vc_column_text]\n<h3 style=\"text-align: center;\">San Mateo 24, 42-51<\/h3>\n[\/vc_column_text][nectar_icon icon_family=&#8221;fontawesome&#8221; icon_style=&#8221;default&#8221; icon_color=&#8221;Accent-Color&#8221; icon_padding=&#8221;20px&#8221; icon_fontawesome=&#8221;fa fa-bell&#8221; icon_size=&#8221;70&#8243;][\/vc_column][vc_column boxed=&#8221;true&#8221; column_padding=&#8221;no-extra-padding&#8221; column_padding_position=&#8221;all&#8221; background_color_opacity=&#8221;1&#8243; background_hover_color_opacity=&#8221;1&#8243; column_shadow=&#8221;none&#8221; column_border_radius=&#8221;none&#8221; width=&#8221;3\/4&#8243; tablet_text_alignment=&#8221;default&#8221; phone_text_alignment=&#8221;default&#8221; column_border_width=&#8221;none&#8221; column_border_style=&#8221;solid&#8221;][vc_column_text]En aquel tiempo, dijo Jes\u00fas a sus disc\u00edpulos:<br \/>\n\u00abEstad en vela, porque no sab\u00e9is qu\u00e9 d\u00eda vendr\u00e1 vuestro Se\u00f1or.<br \/>\nComprended que si supiera el due\u00f1o de casa a qu\u00e9 hora de la noche viene e! ladr\u00f3n, estar\u00eda en vela y no dejar\u00eda que abrieran un boquete en su casa.<br \/>\nPor eso, estad tambi\u00e9n vosotros preparados, porque a la hora que menos pens\u00e9is viene el Hijo del hombre.<br \/>\n\u00bfQui\u00e9n es el criado fiel y prudente, a quien el se\u00f1or encarga de dar a la servidumbre la comida a sus horas?<br \/>\nBienaventurado ese criado, si el se\u00f1or, al llegar, lo encuentra port\u00e1ndose as\u00ed. En verdad os digo que le confiar\u00e1 la administraci\u00f3n de todos sus bienes.<br \/>\nPero si dijere aquel mal siervo para sus adentros: \u201cMi se\u00f1or tarda en llegar\u201d, y empieza a pegar a sus compa\u00f1eros, y a comer y a beber con los borrachos, el d\u00eda y la hora que menos se lo espera, llegar\u00e1 el amo y lo castigar\u00e1 con rigor y le har\u00e1 compartir la suerte de los hip\u00f3critas.<br \/>\nAll\u00ed ser\u00e1 el llanto y el rechinar de dientes\u00bb.[\/vc_column_text][\/vc_column][\/vc_row]\n","protected":false},"excerpt":{"rendered":"<p>[vc_row type=&#8221;in_container&#8221; full_screen_row_position=&#8221;middle&#8221; scene_position=&#8221;center&#8221; text_color=&#8221;dark&#8221; text_align=&#8221;left&#8221; overlay_strength=&#8221;0.3&#8243; shape_divider_position=&#8221;bottom&#8221;][vc_column boxed=&#8221;true&#8221; centered_text=&#8221;true&#8221; column_padding=&#8221;no-extra-padding&#8221; column_padding_position=&#8221;all&#8221; background_color_opacity=&#8221;1&#8243; background_hover_color_opacity=&#8221;1&#8243; column_shadow=&#8221;none&#8221; column_border_radius=&#8221;none&#8221; width=&#8221;1\/4&#8243; tablet_text_alignment=&#8221;default&#8221; phone_text_alignment=&#8221;default&#8221; column_border_width=&#8221;none&#8221; column_border_style=&#8221;solid&#8221;][vc_column_text] San Mateo 24, 42-51 [\/vc_column_text][nectar_icon icon_family=&#8221;fontawesome&#8221; icon_style=&#8221;default&#8221; icon_color=&#8221;Accent-Color&#8221; icon_padding=&#8221;20px&#8221;&#8230;<\/p>\n","protected":false},"author":1,"featured_media":0,"comment_status":"closed","ping_status":"closed","sticky":false,"template":"","format":"standard","meta":{"footnotes":""},"categories":[72],"tags":[],"class_list":{"0":"post-2061","1":"post","2":"type-post","3":"status-publish","4":"format-standard","6":"category-evangelio"},"translation":{"provider":"WPGlobus","version":"3.0.2","language":"en","enabled_languages":["es","en"],"languages":{"es":{"title":true,"content":true,"excerpt":false},"en":{"title":false,"content":false,"excerpt":false}}},"_links":{"self":[{"href":"https:\/\/misionerasdesantodomingo.org\/en\/wp-json\/wp\/v2\/posts\/2061","targetHints":{"allow":["GET"]}}],"collection":[{"href":"https:\/\/misionerasdesantodomingo.org\/en\/wp-json\/wp\/v2\/posts"}],"about":[{"href":"https:\/\/misionerasdesantodomingo.org\/en\/wp-json\/wp\/v2\/types\/post"}],"author":[{"embeddable":true,"href":"https:\/\/misionerasdesantodomingo.org\/en\/wp-json\/wp\/v2\/users\/1"}],"replies":[{"embeddable":true,"href":"https:\/\/misionerasdesantodomingo.org\/en\/wp-json\/wp\/v2\/comments?post=2061"}],"version-history":[{"count":2,"href":"https:\/\/misionerasdesantodomingo.org\/en\/wp-json\/wp\/v2\/posts\/2061\/revisions"}],"predecessor-version":[{"id":2063,"href":"https:\/\/misionerasdesantodomingo.org\/en\/wp-json\/wp\/v2\/posts\/2061\/revisions\/2063"}],"wp:attachment":[{"href":"https:\/\/misionerasdesantodomingo.org\/en\/wp-json\/wp\/v2\/media?parent=2061"}],"wp:term":[{"taxonomy":"category","embeddable":true,"href":"https:\/\/misionerasdesantodomingo.org\/en\/wp-json\/wp\/v2\/categories?post=2061"},{"taxonomy":"post_tag","embeddable":true,"href":"https:\/\/misionerasdesantodomingo.org\/en\/wp-json\/wp\/v2\/tags?post=2061"}],"curies":[{"name":"wp","href":"https:\/\/api.w.org\/{rel}","templated":true}]}}